{"id":5035,"date":"2015-12-12T00:00:00","date_gmt":"2016-01-31T09:57:13","guid":{"rendered":"http:\/\/beta.netex.ro\/ro\/press\/de-15-ani-platit-pentru-a-vorbi-la-telefon\/"},"modified":"2018-06-08T12:48:44","modified_gmt":"2018-06-08T09:48:44","slug":"de-15-ani-platit-pentru-a-vorbi-la-telefon","status":"publish","type":"press","link":"https:\/\/www.netex.de\/ro\/press\/de-15-ani-platit-pentru-a-vorbi-la-telefon\/","title":{"rendered":"De 15 ani: Pl\u0103tit pentru a vorbi la telefon"},"content":{"rendered":"<p><b>Peste un milion de apeluri pentru consultan\u0163\u0103 prin call-center \u00een peste 35 limbi\/an \u2013 productivitatea muncii este evaluata la Netex \u00een apeluri \u015fi minute vorbite prin diferitele c\u0103i de comunicare.<\/b><\/p>\n<p><b>2016 va fi anul dezvolt\u0103rii interne \u015fi externe a companiei Netex. Ne vom concentra mai mult pe nevoile \u015fi aptitudinile angaja\u0163ilor.<\/b><\/p>\n<p><img fetchpriority=\"high\" decoding=\"async\" class=\"alignnone size-full wp-image-4970\" src=\"http:\/\/beta.netex.ro\/wp-content\/uploads\/12365925_1149924068359035_5749581488875562241_o.jpg\" alt=\"12365925_1149924068359035_5749581488875562241_o\" width=\"1296\" height=\"864\" \/><br \/>\nPentru mai multe informatii:<a href=\"http:\/\/www.comunicatedepresa.ro\/netex\/de-15-ani-platit-pentru-a-vorbi-la-telefon\">http:\/\/www.comunicatedepresa.ro\/netex\/de-15-ani-platit-pentru-a-vorbi-la-telefon<\/a><\/p>\n","protected":false},"featured_media":0,"menu_order":0,"template":"","class_list":["post-5035","press","type-press","status-publish","hentry"],"acf":[],"ACF":{"press_date":"20151212"},"_links":{"self":[{"href":"https:\/\/www.netex.de\/ro\/wp-json\/wp\/v2\/press\/5035","targetHints":{"allow":["GET"]}}],"collection":[{"href":"https:\/\/www.netex.de\/ro\/wp-json\/wp\/v2\/press"}],"about":[{"href":"https:\/\/www.netex.de\/ro\/wp-json\/wp\/v2\/types\/press"}],"version-history":[{"count":4,"href":"https:\/\/www.netex.de\/ro\/wp-json\/wp\/v2\/press\/5035\/revisions"}],"predecessor-version":[{"id":7891,"href":"https:\/\/www.netex.de\/ro\/wp-json\/wp\/v2\/press\/5035\/revisions\/7891"}],"wp:attachment":[{"href":"https:\/\/www.netex.de\/ro\/wp-json\/wp\/v2\/media?parent=5035"}],"curies":[{"name":"wp","href":"https:\/\/api.w.org\/{rel}","templated":true}]}}