{"id":30827,"date":"2024-04-01T00:00:00","date_gmt":"2024-06-14T08:44:46","guid":{"rendered":"https:\/\/www.netex.de\/?post_type=press&#038;p=30827"},"modified":"2024-06-21T14:26:57","modified_gmt":"2024-06-21T11:26:57","slug":"netex-uz-prirodu","status":"publish","type":"press","link":"https:\/\/www.netex.de\/bs\/press\/netex-uz-prirodu\/","title":{"rendered":"Netex uz prirodu"},"content":{"rendered":"<p><span data-sheets-root=\"1\" data-sheets-value=\"{&quot;1&quot;:2,&quot;2&quot;:&quot;Njegujem ljubav prema prirodi kroz umjetnost sadnje drve\u0107a i to \u010dinim svake godine. Drve\u0107e \u0161tedi energiju ljeti i poma\u017ee nam da u\u0161tedimo novac. Pravilno zasa\u0111eno drve\u0107e mo\u017ee smanjiti tro\u0161kove klimatizacije za 15-30%. Drve\u0107e smanjuje koli\u010dinu toplote koja se reflektuje od puteva, zgrada i trotoara. \u017divim u gradu Ki\u0161injevu, gdje je zrak prili\u010dno zaga\u0111en. U posljednjih nekoliko godina, mnoga stabla ispred na\u0161e zgrade u ulici Vasile Lupu su posje\u010dena. Svake godine sadim sa nadom i vjerom da \u0107e \u0161to vi\u0161e stabala pustiti korijenje. Trenutno je \u017eivotna sredina suo\u010dena s velikim prijetnjama koje uti\u010du na ekolo\u0161ku ravnote\u017eu i kvalitet \u017eivota na planeti. Vjerujem da drve\u0107e, pored svoje uloge u ubla\u017eavanju klimatskih promjena, nudi brojne ekolo\u0161ke prednosti. Ono djeluje kao prirodni filtracioni sistem, pobolj\u0161avaju\u0107i kvalitet zraka tako \u0161to apsorbira zaga\u0111iva\u010de i osloba\u0111a \u010distiji, kisikom bogat zrak. U urbanim podru\u010djima, koja su \u010desto pogo\u0111ena zaga\u0111enjem, strate\u0161ka sadnja drve\u0107a stvara zdravija okru\u017eenja za zajednice. Pozivam sve kolege da svake godine u\u010destvuju u akcijama sadnje drve\u0107a, jer sadnja drve\u0107a dovodi do boljeg respiratornog zdravlja, smanjenja slu\u010dajeva respiratornih bolesti i op\u0107eg pobolj\u0161anja kvaliteta \u017eivota. \u010cist zrak doprinosi pove\u0107anju produktivnosti i smanjenju tro\u0161kova zdravstvene za\u0161tite, \u0161to ima pozitivan uticaj na zajednice.&quot;}\" data-sheets-userformat=\"{&quot;2&quot;:9149,&quot;3&quot;:{&quot;1&quot;:0},&quot;5&quot;:{&quot;1&quot;:[{&quot;1&quot;:2,&quot;2&quot;:0,&quot;5&quot;:{&quot;1&quot;:2,&quot;2&quot;:0}},{&quot;1&quot;:0,&quot;2&quot;:0,&quot;3&quot;:3},{&quot;1&quot;:1,&quot;2&quot;:0,&quot;4&quot;:1}]},&quot;6&quot;:{&quot;1&quot;:[{&quot;1&quot;:2,&quot;2&quot;:0,&quot;5&quot;:{&quot;1&quot;:2,&quot;2&quot;:0}},{&quot;1&quot;:0,&quot;2&quot;:0,&quot;3&quot;:3},{&quot;1&quot;:1,&quot;2&quot;:0,&quot;4&quot;:1}]},&quot;7&quot;:{&quot;1&quot;:[{&quot;1&quot;:2,&quot;2&quot;:0,&quot;5&quot;:{&quot;1&quot;:2,&quot;2&quot;:0}},{&quot;1&quot;:0,&quot;2&quot;:0,&quot;3&quot;:3},{&quot;1&quot;:1,&quot;2&quot;:0,&quot;4&quot;:1}]},&quot;8&quot;:{&quot;1&quot;:[{&quot;1&quot;:2,&quot;2&quot;:0,&quot;5&quot;:{&quot;1&quot;:2,&quot;2&quot;:0}},{&quot;1&quot;:0,&quot;2&quot;:0,&quot;3&quot;:3},{&quot;1&quot;:1,&quot;2&quot;:0,&quot;4&quot;:1}]},&quot;10&quot;:0,&quot;11&quot;:4,&quot;12&quot;:0,&quot;16&quot;:12}\"><img fetchpriority=\"high\" decoding=\"async\" class=\"alignleft wp-image-30928 size-medium\" src=\"https:\/\/www.netex.de\/wp-content\/uploads\/Article-33-300x251.png\" alt=\"Netex uz prirodu\" width=\"300\" height=\"251\" srcset=\"https:\/\/www.netex.de\/wp-content\/uploads\/Article-33-300x251.png 300w, https:\/\/www.netex.de\/wp-content\/uploads\/Article-33-1024x858.png 1024w, https:\/\/www.netex.de\/wp-content\/uploads\/Article-33-768x644.png 768w, https:\/\/www.netex.de\/wp-content\/uploads\/Article-33-1536x1287.png 1536w, https:\/\/www.netex.de\/wp-content\/uploads\/Article-33-2048x1716.png 2048w, https:\/\/www.netex.de\/wp-content\/uploads\/Article-33.png 940w\" sizes=\"(max-width: 300px) 100vw, 300px\" \/>Njegujem ljubav prema prirodi kroz umjetnost sadnje drve\u0107a i to \u010dinim svake godine. Drve\u0107e \u0161tedi energiju ljeti i poma\u017ee nam da u\u0161tedimo novac. Pravilno zasa\u0111eno drve\u0107e mo\u017ee smanjiti tro\u0161kove klimatizacije za 15-30%. Drve\u0107e smanjuje koli\u010dinu toplote koja se reflektuje od puteva, zgrada i trotoara. \u017divim u gradu Ki\u0161injevu, gdje je zrak prili\u010dno zaga\u0111en. U posljednjih nekoliko godina, mnoga stabla ispred na\u0161e zgrade u ulici Vasile Lupu su posje\u010dena. Svake godine sadim sa nadom i vjerom da \u0107e \u0161to vi\u0161e stabala pustiti korijenje. Trenutno je \u017eivotna sredina suo\u010dena s velikim prijetnjama koje uti\u010du na ekolo\u0161ku ravnote\u017eu i kvalitet \u017eivota na planeti. Vjerujem da drve\u0107e, pored svoje uloge u ubla\u017eavanju klimatskih promjena, nudi brojne ekolo\u0161ke prednosti. Ono djeluje kao prirodni filtracioni sistem, pobolj\u0161avaju\u0107i kvalitet zraka tako \u0161to apsorbira zaga\u0111iva\u010de i osloba\u0111a \u010distiji, kisikom bogat zrak. U urbanim podru\u010djima, koja su \u010desto pogo\u0111ena zaga\u0111enjem, strate\u0161ka sadnja drve\u0107a stvara zdravija okru\u017eenja za zajednice. Pozivam sve kolege da svake godine u\u010destvuju u akcijama sadnje drve\u0107a, jer sadnja drve\u0107a dovodi do boljeg respiratornog zdravlja, smanjenja slu\u010dajeva respiratornih bolesti i op\u0107eg pobolj\u0161anja kvaliteta \u017eivota. \u010cist zrak doprinosi pove\u0107anju produktivnosti i smanjenju tro\u0161kova zdravstvene za\u0161tite, \u0161to ima pozitivan uticaj na zajednice.<\/span><\/p>\n","protected":false},"featured_media":0,"menu_order":0,"template":"","class_list":["post-30827","press","type-press","status-publish","hentry"],"acf":[],"ACF":{"press_date":"01.04.2024"},"_links":{"self":[{"href":"https:\/\/www.netex.de\/bs\/wp-json\/wp\/v2\/press\/30827","targetHints":{"allow":["GET"]}}],"collection":[{"href":"https:\/\/www.netex.de\/bs\/wp-json\/wp\/v2\/press"}],"about":[{"href":"https:\/\/www.netex.de\/bs\/wp-json\/wp\/v2\/types\/press"}],"version-history":[{"count":3,"href":"https:\/\/www.netex.de\/bs\/wp-json\/wp\/v2\/press\/30827\/revisions"}],"predecessor-version":[{"id":30945,"href":"https:\/\/www.netex.de\/bs\/wp-json\/wp\/v2\/press\/30827\/revisions\/30945"}],"wp:attachment":[{"href":"https:\/\/www.netex.de\/bs\/wp-json\/wp\/v2\/media?parent=30827"}],"curies":[{"name":"wp","href":"https:\/\/api.w.org\/{rel}","templated":true}]}}