{"id":20660,"date":"2019-02-22T00:00:00","date_gmt":"2019-11-15T13:36:31","guid":{"rendered":"http:\/\/www.netex.ro\/bs\/press\/ccw-berlin\/"},"modified":"2019-11-15T16:05:50","modified_gmt":"2019-11-15T14:05:50","slug":"ccw-berlin","status":"publish","type":"press","link":"https:\/\/www.netex.de\/bs\/press\/ccw-berlin\/","title":{"rendered":"CCW &#8211; Berlin"},"content":{"rendered":"<p><img decoding=\"async\" src=\"http:\/\/www.netex.ro\/wp-content\/uploads\/CCW-Berlin-300x152.jpg\" alt=\"\" width=\"300\" height=\"152\" class=\"alignnone size-medium wp-image-20525\" style=\"float: left\" srcset=\"https:\/\/www.netex.de\/wp-content\/uploads\/CCW-Berlin-300x152.jpg 300w, https:\/\/www.netex.de\/wp-content\/uploads\/CCW-Berlin-768x390.jpg 768w, https:\/\/www.netex.de\/wp-content\/uploads\/CCW-Berlin-1024x521.jpg 1024w, https:\/\/www.netex.de\/wp-content\/uploads\/CCW-Berlin.jpg 2048w\" sizes=\"(max-width: 300px) 100vw, 300px\" \/>U februaru 2019. godine, neki od na\u0161ih kolega iz odeljenja Skunk Vorks prisustvovali su doga\u0111aju CCV u Berlinu. Saznali su vi\u0161e o tome kako digitalizacija menja industriju pozivnih centara. Tako\u0111e su u\u010destvovali u jedinstvenom iskustvu unutar Live Call Centra, gde su mogli da testiraju kako AI, kognitivno ra\u010dunanje i druge nove tehnologije mogu pobolj\u0161ati polje za dijalog sa klijentima. Ovaj sajam okupio je 270 izlaga\u010dkih kompanija i vi\u0161e od 8000 posetilaca. Hvala vam, drage kolege, na dono\u0161enju nekih spoznaja iz tehnologije buduc\u0301nosti!<\/p>\n","protected":false},"featured_media":0,"menu_order":0,"template":"","class_list":["post-20660","press","type-press","status-publish","hentry"],"acf":[],"ACF":{"press_date":"20190222"},"_links":{"self":[{"href":"https:\/\/www.netex.de\/bs\/wp-json\/wp\/v2\/press\/20660","targetHints":{"allow":["GET"]}}],"collection":[{"href":"https:\/\/www.netex.de\/bs\/wp-json\/wp\/v2\/press"}],"about":[{"href":"https:\/\/www.netex.de\/bs\/wp-json\/wp\/v2\/types\/press"}],"version-history":[{"count":1,"href":"https:\/\/www.netex.de\/bs\/wp-json\/wp\/v2\/press\/20660\/revisions"}],"predecessor-version":[{"id":20663,"href":"https:\/\/www.netex.de\/bs\/wp-json\/wp\/v2\/press\/20660\/revisions\/20663"}],"wp:attachment":[{"href":"https:\/\/www.netex.de\/bs\/wp-json\/wp\/v2\/media?parent=20660"}],"curies":[{"name":"wp","href":"https:\/\/api.w.org\/{rel}","templated":true}]}}